{"id":770,"date":"2019-07-03T22:42:54","date_gmt":"2019-07-04T01:42:54","guid":{"rendered":"https:\/\/lideb.biol.unlp.edu.ar\/?p=770"},"modified":"2019-07-03T22:48:43","modified_gmt":"2019-07-04T01:48:43","slug":"jornada-sobre-modelos-de-epilepsia","status":"publish","type":"post","link":"https:\/\/lideb.biol.unlp.edu.ar\/?p=770","title":{"rendered":"Jornada sobre Modelos de Epilepsia"},"content":{"rendered":"\n<p><\/p>\n\n\n\n<p>   El pr\u00f3ximo mi\u00e9rcoles 10 de julio disertar\u00e1n las  Dras. Consuelo  S\u00e1nchez y Dolores L\u00f3pez-Garc\u00eda sobre modelos animales de epilepsia  gen\u00e9tica y de crisis farmacorresistente                   <\/p>\n\n\n\n<p><em>La epilepsia es el segundo desorden cr\u00f3nico m\u00e1s frecuente del  sistema nervioso central, con una incidencia global del orden del 1% de  la poblaci\u00f3n, proporci\u00f3n que aumenta considerablemente en pa\u00edses del  hemisferio sur. Aproximadamente un tercio de los pacientes no responden  adecuadamente a la medicaci\u00f3n actualmente disponible (es decir, no  consiguen controlar las crisis epl\u00e9pticas mediante terapia  farmacol\u00f3gica), condici\u00f3n que se conoce como epilepsia refractaria.\u00a0<\/em><\/p>\n\n\n\n<p>Para comprender la fisiopatolog\u00eda de la enfermedad y para desarrollar\n nuevos tratamientos, es indispensable disponer de modelos precl\u00ednicos \n-modelos celulares y animales- adecuados.<\/p>\n\n\n\n<p>Esta Jornada se llevara a cabo en la sede del <a href=\"https:\/\/lideb.biol.unlp.edu.ar\/\">Laboratorio de Investigaci\u00f3n y Desarrollo de Bioactivos<\/a>\n (LIDeB) el miercoles 10 de julio de 9 a 13 hs y contar\u00e1 con la \npresencia de dos investigadoras europeas, las Dras. Consuelo S\u00e1nchez y \nDolores L\u00f3pez-Garc\u00eda.<\/p>\n\n\n\n<p>Las investigadoras contribuir\u00e1n a la discusi\u00f3n sobre modelos animales\n de epilepsia gen\u00e9tica y de crisis farmacorresistente, as\u00ed como algunos \naspectos fisiopatol\u00f3gicos -vinculados a modificaciones en el coraz\u00f3n del\n paciente epil\u00e9ptico- que podr\u00edan explicar el fen\u00f3meno de muerte s\u00fabita \nasociada a epilepsia.&nbsp;<\/p>\n\n\n\n<p>El Dr Alan Talevi, responsable de la organizaci\u00f3n, destaca la \nimportacia del encuentro para equipos de invetigaci\u00f3n de Exactas: \n&#8220;creemos que la jornada puede &nbsp;ser de inter\u00e9s para diversos grupos que \ntrabajan en el desarrollo de nuevos f\u00e1rmacos antiepil\u00e9pticos y en \nmodelos de canalopat\u00edas, as\u00ed como tambi\u00e9n equipos especializados en la \nfisiopatolog\u00eda de enfermedades card\u00edacos y su tratamiento \nfarmacol\u00f3gico.&#8221;&nbsp;&nbsp;<\/p>\n\n\n\n<p style=\"text-align:left\">El investigador reconoci\u00f3 el apoyo de la UNLP, que a trav\u00e9s de sus  Subsidios de Viajes contribuy\u00f3 a la visita de las investigadoras y de la  Facultad de Ciencias Exactas, a trav\u00e9s de su Secretatr\u00eda de Ciencia y  T\u00e9cnica.\u00a0 \u00a0<\/p>\n\n\n\n<figure class=\"wp-block-image\"><img loading=\"lazy\" decoding=\"async\" width=\"1024\" height=\"576\" src=\"https:\/\/lideb.biol.unlp.edu.ar\/wp-content\/uploads\/2019\/07\/Jornada-Modelos-epilepsia-1024x576.png\" alt=\"\" class=\"wp-image-772\" srcset=\"https:\/\/lideb.biol.unlp.edu.ar\/wp-content\/uploads\/2019\/07\/Jornada-Modelos-epilepsia-1024x576.png 1024w, https:\/\/lideb.biol.unlp.edu.ar\/wp-content\/uploads\/2019\/07\/Jornada-Modelos-epilepsia-300x169.png 300w, https:\/\/lideb.biol.unlp.edu.ar\/wp-content\/uploads\/2019\/07\/Jornada-Modelos-epilepsia-768x432.png 768w, https:\/\/lideb.biol.unlp.edu.ar\/wp-content\/uploads\/2019\/07\/Jornada-Modelos-epilepsia-360x203.png 360w\" sizes=\"auto, (max-width: 1024px) 100vw, 1024px\" \/><\/figure>\n\n\n\n<p><\/p>\n","protected":false},"excerpt":{"rendered":"<p>El pr\u00f3ximo mi\u00e9rcoles 10 de julio disertar\u00e1n las Dras. Consuelo S\u00e1nchez y Dolores L\u00f3pez-Garc\u00eda sobre modelos animales de epilepsia gen\u00e9tica y de crisis farmacorresistente La epilepsia es el segundo desorden cr\u00f3nico m\u00e1s frecuente del sistema nervioso central, con una incidencia <a href=\"https:\/\/lideb.biol.unlp.edu.ar\/?p=770\" class=\"read-more\">Leer M\u00e1s<\/a><\/p>\n","protected":false},"author":4,"featured_media":771,"comment_status":"closed","ping_status":"closed","sticky":false,"template":"","format":"standard","meta":{"footnotes":""},"categories":[1],"tags":[],"class_list":["post-770","post","type-post","status-publish","format-standard","has-post-thumbnail","hentry","category-novedades"],"_links":{"self":[{"href":"https:\/\/lideb.biol.unlp.edu.ar\/index.php?rest_route=\/wp\/v2\/posts\/770","targetHints":{"allow":["GET"]}}],"collection":[{"href":"https:\/\/lideb.biol.unlp.edu.ar\/index.php?rest_route=\/wp\/v2\/posts"}],"about":[{"href":"https:\/\/lideb.biol.unlp.edu.ar\/index.php?rest_route=\/wp\/v2\/types\/post"}],"author":[{"embeddable":true,"href":"https:\/\/lideb.biol.unlp.edu.ar\/index.php?rest_route=\/wp\/v2\/users\/4"}],"replies":[{"embeddable":true,"href":"https:\/\/lideb.biol.unlp.edu.ar\/index.php?rest_route=%2Fwp%2Fv2%2Fcomments&post=770"}],"version-history":[{"count":5,"href":"https:\/\/lideb.biol.unlp.edu.ar\/index.php?rest_route=\/wp\/v2\/posts\/770\/revisions"}],"predecessor-version":[{"id":777,"href":"https:\/\/lideb.biol.unlp.edu.ar\/index.php?rest_route=\/wp\/v2\/posts\/770\/revisions\/777"}],"wp:featuredmedia":[{"embeddable":true,"href":"https:\/\/lideb.biol.unlp.edu.ar\/index.php?rest_route=\/wp\/v2\/media\/771"}],"wp:attachment":[{"href":"https:\/\/lideb.biol.unlp.edu.ar\/index.php?rest_route=%2Fwp%2Fv2%2Fmedia&parent=770"}],"wp:term":[{"taxonomy":"category","embeddable":true,"href":"https:\/\/lideb.biol.unlp.edu.ar\/index.php?rest_route=%2Fwp%2Fv2%2Fcategories&post=770"},{"taxonomy":"post_tag","embeddable":true,"href":"https:\/\/lideb.biol.unlp.edu.ar\/index.php?rest_route=%2Fwp%2Fv2%2Ftags&post=770"}],"curies":[{"name":"wp","href":"https:\/\/api.w.org\/{rel}","templated":true}]}}